{"id":290,"date":"2015-07-27T13:18:30","date_gmt":"2015-07-27T12:18:30","guid":{"rendered":"http:\/\/de2442.ispfr.net\/_maisonpauvif\/cote-chai-2\/"},"modified":"2024-06-13T09:31:08","modified_gmt":"2024-06-13T08:31:08","slug":"cote-administratif-commerce-et-logistique","status":"publish","type":"post","link":"https:\/\/www.maisonpauvif.com\/en\/news\/cote-administratif-commerce-et-logistique\/","title":{"rendered":"C\u00f4t\u00e9 Administratif, Commerce et Logistique"},"content":{"rendered":"<p>Un &#8220;open space&#8221; compos\u00e9 de 5 bureaux afin de faciliter un travail collectif , une meilleure communication.<\/p>\n<p>Sur les bureaux, dossiers et\u00a0 papiers voisinent avec les ordinateurs et les t\u00e9l\u00e9phones.<\/p>\n<p>Se tenir inform\u00e9es, g\u00e9rer, anticiper, pr\u00e9voir, voil\u00e0 le travail quotidien de Mellie, Micheline et Laurence.<\/p>\n<p>Pierre s&#8217;occupe de la partie commerciale nationale et internationale , en \u00e9troite collaboration avec Chen sur le march\u00e9 chinois.<\/p>\n<p>Le c\u00f4t\u00e9 technique est plut\u00f4t la sp\u00e9cialit\u00e9 de Lucas qui g\u00e8re le chai, la vinification et la conduite du vignoble, l&#8217;entretien du mat\u00e9riel sous l\u2019\u0153il vigilant et averti de Philippe.<\/p>\n","protected":false},"excerpt":{"rendered":"<p>Un &#8220;open space&#8221; compos\u00e9 de 5 bureaux afin de faciliter un travail collectif , une meilleure communication. Sur les bureaux, dossiers et\u00a0 papiers voisinent avec les ordinateurs et les t\u00e9l\u00e9phones. Se tenir inform\u00e9es, g\u00e9rer, anticiper, pr\u00e9voir, voil\u00e0 le travail quotidien de Mellie, Micheline et Laurence. Pierre s&#8217;occupe de la partie commerciale nationale et internationale , [&hellip;]<\/p>\n","protected":false},"author":1,"featured_media":2692,"comment_status":"open","ping_status":"open","sticky":false,"template":"","format":"standard","meta":{"_acf_changed":false,"footnotes":""},"categories":[12],"tags":[],"class_list":["post-290","post","type-post","status-publish","format-standard","has-post-thumbnail","hentry","category-news"],"acf":[],"yoast_head":"<!-- This site is optimized with the Yoast SEO plugin v27.5 - https:\/\/yoast.com\/product\/yoast-seo-wordpress\/ -->\n<title>C\u00f4t\u00e9 Administratif, Commerce et Logistique - Maison Pauvif<\/title>\n<meta name=\"description\" content=\"La partie administrative &amp; commerciale travaille en open-space , afin de privil\u00e9gier un travail collectif.\" \/>\n<meta name=\"robots\" content=\"index, follow, max-snippet:-1, max-image-preview:large, max-video-preview:-1\" \/>\n<link rel=\"canonical\" href=\"https:\/\/www.maisonpauvif.com\/en\/news\/cote-administratif-commerce-et-logistique\/\" \/>\n<meta property=\"og:locale\" content=\"en_US\" \/>\n<meta property=\"og:type\" content=\"article\" \/>\n<meta property=\"og:title\" content=\"C\u00f4t\u00e9 Administratif, Commerce et Logistique - Maison Pauvif\" \/>\n<meta property=\"og:description\" content=\"La partie administrative &amp; commerciale travaille en open-space , afin de privil\u00e9gier un travail collectif.\" \/>\n<meta property=\"og:url\" content=\"https:\/\/www.maisonpauvif.com\/en\/news\/cote-administratif-commerce-et-logistique\/\" \/>\n<meta property=\"og:site_name\" content=\"Maison Pauvif\" \/>\n<meta property=\"article:publisher\" content=\"https:\/\/www.facebook.com\/maisonpauvif\/\" \/>\n<meta property=\"article:published_time\" content=\"2015-07-27T12:18:30+00:00\" \/>\n<meta property=\"article:modified_time\" content=\"2024-06-13T08:31:08+00:00\" \/>\n<meta property=\"og:image\" content=\"https:\/\/www.maisonpauvif.com\/wp-content\/uploads\/2022\/06\/cropped-cachet-de-cire-logo.jpg\" \/>\n\t<meta property=\"og:image:width\" content=\"512\" \/>\n\t<meta property=\"og:image:height\" content=\"512\" \/>\n\t<meta property=\"og:image:type\" content=\"image\/jpeg\" \/>\n<meta name=\"author\" content=\"leo\" \/>\n<meta name=\"twitter:card\" content=\"summary_large_image\" \/>\n<meta name=\"twitter:label1\" content=\"Written by\" \/>\n\t<meta name=\"twitter:data1\" content=\"leo\" \/>\n\t<meta name=\"twitter:label2\" content=\"Est. reading time\" \/>\n\t<meta name=\"twitter:data2\" content=\"1 minute\" \/>\n<script type=\"application\/ld+json\" class=\"yoast-schema-graph\">{\"@context\":\"https:\\\/\\\/schema.org\",\"@graph\":[{\"@type\":\"Article\",\"@id\":\"https:\\\/\\\/www.maisonpauvif.com\\\/en\\\/news\\\/cote-administratif-commerce-et-logistique\\\/#article\",\"isPartOf\":{\"@id\":\"https:\\\/\\\/www.maisonpauvif.com\\\/en\\\/news\\\/cote-administratif-commerce-et-logistique\\\/\"},\"author\":{\"name\":\"leo\",\"@id\":\"https:\\\/\\\/www.maisonpauvif.com\\\/#\\\/schema\\\/person\\\/44f6efbce0fbc1c5e8b955310f38757b\"},\"headline\":\"C\u00f4t\u00e9 Administratif, Commerce et Logistique\",\"datePublished\":\"2015-07-27T12:18:30+00:00\",\"dateModified\":\"2024-06-13T08:31:08+00:00\",\"mainEntityOfPage\":{\"@id\":\"https:\\\/\\\/www.maisonpauvif.com\\\/en\\\/news\\\/cote-administratif-commerce-et-logistique\\\/\"},\"wordCount\":108,\"commentCount\":0,\"image\":{\"@id\":\"https:\\\/\\\/www.maisonpauvif.com\\\/en\\\/news\\\/cote-administratif-commerce-et-logistique\\\/#primaryimage\"},\"thumbnailUrl\":\"https:\\\/\\\/www.maisonpauvif.com\\\/wp-content\\\/uploads\\\/2024\\\/06\\\/cropped-P-Pauvif.jpg\",\"articleSection\":[\"News\"],\"inLanguage\":\"en-US\"},{\"@type\":\"WebPage\",\"@id\":\"https:\\\/\\\/www.maisonpauvif.com\\\/en\\\/news\\\/cote-administratif-commerce-et-logistique\\\/\",\"url\":\"https:\\\/\\\/www.maisonpauvif.com\\\/en\\\/news\\\/cote-administratif-commerce-et-logistique\\\/\",\"name\":\"C\u00f4t\u00e9 Administratif, Commerce et Logistique - Maison Pauvif\",\"isPartOf\":{\"@id\":\"https:\\\/\\\/www.maisonpauvif.com\\\/#website\"},\"primaryImageOfPage\":{\"@id\":\"https:\\\/\\\/www.maisonpauvif.com\\\/en\\\/news\\\/cote-administratif-commerce-et-logistique\\\/#primaryimage\"},\"image\":{\"@id\":\"https:\\\/\\\/www.maisonpauvif.com\\\/en\\\/news\\\/cote-administratif-commerce-et-logistique\\\/#primaryimage\"},\"thumbnailUrl\":\"https:\\\/\\\/www.maisonpauvif.com\\\/wp-content\\\/uploads\\\/2024\\\/06\\\/cropped-P-Pauvif.jpg\",\"datePublished\":\"2015-07-27T12:18:30+00:00\",\"dateModified\":\"2024-06-13T08:31:08+00:00\",\"author\":{\"@id\":\"https:\\\/\\\/www.maisonpauvif.com\\\/#\\\/schema\\\/person\\\/44f6efbce0fbc1c5e8b955310f38757b\"},\"description\":\"La partie administrative & commerciale travaille en open-space , afin de privil\u00e9gier un travail collectif.\",\"breadcrumb\":{\"@id\":\"https:\\\/\\\/www.maisonpauvif.com\\\/en\\\/news\\\/cote-administratif-commerce-et-logistique\\\/#breadcrumb\"},\"inLanguage\":\"en-US\",\"potentialAction\":[{\"@type\":\"ReadAction\",\"target\":[\"https:\\\/\\\/www.maisonpauvif.com\\\/en\\\/news\\\/cote-administratif-commerce-et-logistique\\\/\"]}]},{\"@type\":\"ImageObject\",\"inLanguage\":\"en-US\",\"@id\":\"https:\\\/\\\/www.maisonpauvif.com\\\/en\\\/news\\\/cote-administratif-commerce-et-logistique\\\/#primaryimage\",\"url\":\"https:\\\/\\\/www.maisonpauvif.com\\\/wp-content\\\/uploads\\\/2024\\\/06\\\/cropped-P-Pauvif.jpg\",\"contentUrl\":\"https:\\\/\\\/www.maisonpauvif.com\\\/wp-content\\\/uploads\\\/2024\\\/06\\\/cropped-P-Pauvif.jpg\",\"width\":512,\"height\":512},{\"@type\":\"BreadcrumbList\",\"@id\":\"https:\\\/\\\/www.maisonpauvif.com\\\/en\\\/news\\\/cote-administratif-commerce-et-logistique\\\/#breadcrumb\",\"itemListElement\":[{\"@type\":\"ListItem\",\"position\":1,\"name\":\"Accueil\",\"item\":\"https:\\\/\\\/www.maisonpauvif.com\\\/actualite-en-video\\\/\"},{\"@type\":\"ListItem\",\"position\":2,\"name\":\"C\u00f4t\u00e9 Administratif, Commerce et Logistique\"}]},{\"@type\":\"WebSite\",\"@id\":\"https:\\\/\\\/www.maisonpauvif.com\\\/#website\",\"url\":\"https:\\\/\\\/www.maisonpauvif.com\\\/\",\"name\":\"Maison Pauvif\",\"description\":\"Vins des C\u00f4tes de Bourg\",\"potentialAction\":[{\"@type\":\"SearchAction\",\"target\":{\"@type\":\"EntryPoint\",\"urlTemplate\":\"https:\\\/\\\/www.maisonpauvif.com\\\/?s={search_term_string}\"},\"query-input\":{\"@type\":\"PropertyValueSpecification\",\"valueRequired\":true,\"valueName\":\"search_term_string\"}}],\"inLanguage\":\"en-US\"},{\"@type\":\"Person\",\"@id\":\"https:\\\/\\\/www.maisonpauvif.com\\\/#\\\/schema\\\/person\\\/44f6efbce0fbc1c5e8b955310f38757b\",\"name\":\"leo\",\"image\":{\"@type\":\"ImageObject\",\"inLanguage\":\"en-US\",\"@id\":\"https:\\\/\\\/secure.gravatar.com\\\/avatar\\\/29e37be870b22fc2dd22a8238d8d48f2a0b27e36ec5e11a0fe6bc837b42a7fdd?s=96&d=mm&r=g\",\"url\":\"https:\\\/\\\/secure.gravatar.com\\\/avatar\\\/29e37be870b22fc2dd22a8238d8d48f2a0b27e36ec5e11a0fe6bc837b42a7fdd?s=96&d=mm&r=g\",\"contentUrl\":\"https:\\\/\\\/secure.gravatar.com\\\/avatar\\\/29e37be870b22fc2dd22a8238d8d48f2a0b27e36ec5e11a0fe6bc837b42a7fdd?s=96&d=mm&r=g\",\"caption\":\"leo\"},\"url\":\"https:\\\/\\\/www.maisonpauvif.com\\\/en\\\/author\\\/leo\\\/\"}]}<\/script>\n<!-- \/ Yoast SEO plugin. -->","yoast_head_json":{"title":"C\u00f4t\u00e9 Administratif, Commerce et Logistique - Maison Pauvif","description":"La partie administrative & commerciale travaille en open-space , afin de privil\u00e9gier un travail collectif.","robots":{"index":"index","follow":"follow","max-snippet":"max-snippet:-1","max-image-preview":"max-image-preview:large","max-video-preview":"max-video-preview:-1"},"canonical":"https:\/\/www.maisonpauvif.com\/en\/news\/cote-administratif-commerce-et-logistique\/","og_locale":"en_US","og_type":"article","og_title":"C\u00f4t\u00e9 Administratif, Commerce et Logistique - Maison Pauvif","og_description":"La partie administrative & commerciale travaille en open-space , afin de privil\u00e9gier un travail collectif.","og_url":"https:\/\/www.maisonpauvif.com\/en\/news\/cote-administratif-commerce-et-logistique\/","og_site_name":"Maison Pauvif","article_publisher":"https:\/\/www.facebook.com\/maisonpauvif\/","article_published_time":"2015-07-27T12:18:30+00:00","article_modified_time":"2024-06-13T08:31:08+00:00","og_image":[{"width":512,"height":512,"url":"https:\/\/www.maisonpauvif.com\/wp-content\/uploads\/2022\/06\/cropped-cachet-de-cire-logo.jpg","type":"image\/jpeg"}],"author":"leo","twitter_card":"summary_large_image","twitter_misc":{"Written by":"leo","Est. reading time":"1 minute"},"schema":{"@context":"https:\/\/schema.org","@graph":[{"@type":"Article","@id":"https:\/\/www.maisonpauvif.com\/en\/news\/cote-administratif-commerce-et-logistique\/#article","isPartOf":{"@id":"https:\/\/www.maisonpauvif.com\/en\/news\/cote-administratif-commerce-et-logistique\/"},"author":{"name":"leo","@id":"https:\/\/www.maisonpauvif.com\/#\/schema\/person\/44f6efbce0fbc1c5e8b955310f38757b"},"headline":"C\u00f4t\u00e9 Administratif, Commerce et Logistique","datePublished":"2015-07-27T12:18:30+00:00","dateModified":"2024-06-13T08:31:08+00:00","mainEntityOfPage":{"@id":"https:\/\/www.maisonpauvif.com\/en\/news\/cote-administratif-commerce-et-logistique\/"},"wordCount":108,"commentCount":0,"image":{"@id":"https:\/\/www.maisonpauvif.com\/en\/news\/cote-administratif-commerce-et-logistique\/#primaryimage"},"thumbnailUrl":"https:\/\/www.maisonpauvif.com\/wp-content\/uploads\/2024\/06\/cropped-P-Pauvif.jpg","articleSection":["News"],"inLanguage":"en-US"},{"@type":"WebPage","@id":"https:\/\/www.maisonpauvif.com\/en\/news\/cote-administratif-commerce-et-logistique\/","url":"https:\/\/www.maisonpauvif.com\/en\/news\/cote-administratif-commerce-et-logistique\/","name":"C\u00f4t\u00e9 Administratif, Commerce et Logistique - Maison Pauvif","isPartOf":{"@id":"https:\/\/www.maisonpauvif.com\/#website"},"primaryImageOfPage":{"@id":"https:\/\/www.maisonpauvif.com\/en\/news\/cote-administratif-commerce-et-logistique\/#primaryimage"},"image":{"@id":"https:\/\/www.maisonpauvif.com\/en\/news\/cote-administratif-commerce-et-logistique\/#primaryimage"},"thumbnailUrl":"https:\/\/www.maisonpauvif.com\/wp-content\/uploads\/2024\/06\/cropped-P-Pauvif.jpg","datePublished":"2015-07-27T12:18:30+00:00","dateModified":"2024-06-13T08:31:08+00:00","author":{"@id":"https:\/\/www.maisonpauvif.com\/#\/schema\/person\/44f6efbce0fbc1c5e8b955310f38757b"},"description":"La partie administrative & commerciale travaille en open-space , afin de privil\u00e9gier un travail collectif.","breadcrumb":{"@id":"https:\/\/www.maisonpauvif.com\/en\/news\/cote-administratif-commerce-et-logistique\/#breadcrumb"},"inLanguage":"en-US","potentialAction":[{"@type":"ReadAction","target":["https:\/\/www.maisonpauvif.com\/en\/news\/cote-administratif-commerce-et-logistique\/"]}]},{"@type":"ImageObject","inLanguage":"en-US","@id":"https:\/\/www.maisonpauvif.com\/en\/news\/cote-administratif-commerce-et-logistique\/#primaryimage","url":"https:\/\/www.maisonpauvif.com\/wp-content\/uploads\/2024\/06\/cropped-P-Pauvif.jpg","contentUrl":"https:\/\/www.maisonpauvif.com\/wp-content\/uploads\/2024\/06\/cropped-P-Pauvif.jpg","width":512,"height":512},{"@type":"BreadcrumbList","@id":"https:\/\/www.maisonpauvif.com\/en\/news\/cote-administratif-commerce-et-logistique\/#breadcrumb","itemListElement":[{"@type":"ListItem","position":1,"name":"Accueil","item":"https:\/\/www.maisonpauvif.com\/actualite-en-video\/"},{"@type":"ListItem","position":2,"name":"C\u00f4t\u00e9 Administratif, Commerce et Logistique"}]},{"@type":"WebSite","@id":"https:\/\/www.maisonpauvif.com\/#website","url":"https:\/\/www.maisonpauvif.com\/","name":"Maison Pauvif","description":"Vins des C\u00f4tes de Bourg","potentialAction":[{"@type":"SearchAction","target":{"@type":"EntryPoint","urlTemplate":"https:\/\/www.maisonpauvif.com\/?s={search_term_string}"},"query-input":{"@type":"PropertyValueSpecification","valueRequired":true,"valueName":"search_term_string"}}],"inLanguage":"en-US"},{"@type":"Person","@id":"https:\/\/www.maisonpauvif.com\/#\/schema\/person\/44f6efbce0fbc1c5e8b955310f38757b","name":"leo","image":{"@type":"ImageObject","inLanguage":"en-US","@id":"https:\/\/secure.gravatar.com\/avatar\/29e37be870b22fc2dd22a8238d8d48f2a0b27e36ec5e11a0fe6bc837b42a7fdd?s=96&d=mm&r=g","url":"https:\/\/secure.gravatar.com\/avatar\/29e37be870b22fc2dd22a8238d8d48f2a0b27e36ec5e11a0fe6bc837b42a7fdd?s=96&d=mm&r=g","contentUrl":"https:\/\/secure.gravatar.com\/avatar\/29e37be870b22fc2dd22a8238d8d48f2a0b27e36ec5e11a0fe6bc837b42a7fdd?s=96&d=mm&r=g","caption":"leo"},"url":"https:\/\/www.maisonpauvif.com\/en\/author\/leo\/"}]}},"_links":{"self":[{"href":"https:\/\/www.maisonpauvif.com\/en\/wp-json\/wp\/v2\/posts\/290","targetHints":{"allow":["GET"]}}],"collection":[{"href":"https:\/\/www.maisonpauvif.com\/en\/wp-json\/wp\/v2\/posts"}],"about":[{"href":"https:\/\/www.maisonpauvif.com\/en\/wp-json\/wp\/v2\/types\/post"}],"author":[{"embeddable":true,"href":"https:\/\/www.maisonpauvif.com\/en\/wp-json\/wp\/v2\/users\/1"}],"replies":[{"embeddable":true,"href":"https:\/\/www.maisonpauvif.com\/en\/wp-json\/wp\/v2\/comments?post=290"}],"version-history":[{"count":15,"href":"https:\/\/www.maisonpauvif.com\/en\/wp-json\/wp\/v2\/posts\/290\/revisions"}],"predecessor-version":[{"id":2202,"href":"https:\/\/www.maisonpauvif.com\/en\/wp-json\/wp\/v2\/posts\/290\/revisions\/2202"}],"wp:featuredmedia":[{"embeddable":true,"href":"https:\/\/www.maisonpauvif.com\/en\/wp-json\/wp\/v2\/media\/2692"}],"wp:attachment":[{"href":"https:\/\/www.maisonpauvif.com\/en\/wp-json\/wp\/v2\/media?parent=290"}],"wp:term":[{"taxonomy":"category","embeddable":true,"href":"https:\/\/www.maisonpauvif.com\/en\/wp-json\/wp\/v2\/categories?post=290"},{"taxonomy":"post_tag","embeddable":true,"href":"https:\/\/www.maisonpauvif.com\/en\/wp-json\/wp\/v2\/tags?post=290"}],"curies":[{"name":"wp","href":"https:\/\/api.w.org\/{rel}","templated":true}]}}